{"id":42355,"date":"2018-11-25T13:12:52","date_gmt":"2018-11-25T15:12:52","guid":{"rendered":"http:\/\/opatriota.org\/?p=42355"},"modified":"2023-01-16T08:26:38","modified_gmt":"2023-01-16T11:26:38","slug":"marco-antonio-villa-dia-da-consciencia-negra-e-uma-farsa","status":"publish","type":"post","link":"https:\/\/opatriota.org\/?p=42355","title":{"rendered":"Marco Antonio Villa:  &#8220;Dia da Consci\u00eancia Negra \u00e9 uma farsa&#8221;"},"content":{"rendered":"<p>Esta data nojenta celebra o racismo institu\u00eddo pelo PT e seu c\u00famplices, que objetiva segregar a sociedade, provocar lutas fratricidas, dominar o povo e implantar o sanguin\u00e1rio, assassino e escravizante<strong> comunismo.<\/strong><\/p>\n<p><iframe loading=\"lazy\" title=\"Dia da Consci\u00eancia Negra \u00e9 uma farsa | Marco Antonio Villa\" width=\"660\" height=\"371\" src=\"https:\/\/www.youtube.com\/embed\/NBTZHNrfQdo?feature=oembed\" frameborder=\"0\" allow=\"accelerometer; autoplay; clipboard-write; encrypted-media; gyroscope; picture-in-picture; web-share\" referrerpolicy=\"strict-origin-when-cross-origin\" allowfullscreen><\/iframe><\/p>\n","protected":false},"excerpt":{"rendered":"<p>Esta data nojenta celebra o racismo institu\u00eddo pelo PT e seu c\u00famplices, que objetiva segregar a sociedade, provocar lutas fratricidas, dominar o povo e implantar o sanguin\u00e1rio, assassino e escravizante comunismo.<\/p>\n","protected":false},"author":1,"featured_media":0,"comment_status":"closed","ping_status":"open","sticky":false,"template":"","format":"standard","meta":{"ngg_post_thumbnail":0,"footnotes":""},"categories":[1],"tags":[],"class_list":["post-42355","post","type-post","status-publish","format-standard","hentry","category-sem-categoria"],"_links":{"self":[{"href":"https:\/\/opatriota.org\/index.php?rest_route=\/wp\/v2\/posts\/42355","targetHints":{"allow":["GET"]}}],"collection":[{"href":"https:\/\/opatriota.org\/index.php?rest_route=\/wp\/v2\/posts"}],"about":[{"href":"https:\/\/opatriota.org\/index.php?rest_route=\/wp\/v2\/types\/post"}],"author":[{"embeddable":true,"href":"https:\/\/opatriota.org\/index.php?rest_route=\/wp\/v2\/users\/1"}],"replies":[{"embeddable":true,"href":"https:\/\/opatriota.org\/index.php?rest_route=%2Fwp%2Fv2%2Fcomments&post=42355"}],"version-history":[{"count":1,"href":"https:\/\/opatriota.org\/index.php?rest_route=\/wp\/v2\/posts\/42355\/revisions"}],"predecessor-version":[{"id":70148,"href":"https:\/\/opatriota.org\/index.php?rest_route=\/wp\/v2\/posts\/42355\/revisions\/70148"}],"wp:attachment":[{"href":"https:\/\/opatriota.org\/index.php?rest_route=%2Fwp%2Fv2%2Fmedia&parent=42355"}],"wp:term":[{"taxonomy":"category","embeddable":true,"href":"https:\/\/opatriota.org\/index.php?rest_route=%2Fwp%2Fv2%2Fcategories&post=42355"},{"taxonomy":"post_tag","embeddable":true,"href":"https:\/\/opatriota.org\/index.php?rest_route=%2Fwp%2Fv2%2Ftags&post=42355"}],"curies":[{"name":"wp","href":"https:\/\/api.w.org\/{rel}","templated":true}]}}