{"id":42365,"date":"2018-11-26T11:53:56","date_gmt":"2018-11-26T13:53:56","guid":{"rendered":"http:\/\/opatriota.org\/?p=42365"},"modified":"2023-01-16T08:26:38","modified_gmt":"2023-01-16T11:26:38","slug":"academico-avalia-legado-do-ex-lider-cubano-e-repudia-bolsonaro","status":"publish","type":"post","link":"https:\/\/opatriota.org\/?p=42365","title":{"rendered":"Acad\u00eamico avalia legado do ex-l\u00edder cubano e repudia Bolsonaro"},"content":{"rendered":"<p>Pergunta simples direta e objetiva: &#8220;qual o legado de Fidel Pared\u00f3n Castro?&#8221;<\/p>\n<p>A resposta \u00e9 dada em tr\u00eas palavras: <strong>assassinatos<\/strong>, <strong>corrup\u00e7\u00e3o<\/strong> e <strong>escravid\u00e3o<\/strong>! O legado de Fidel Pared\u00f3n Castro \u00e9 uma maldi\u00e7\u00e3o que pairar\u00e1 sobre aquela ilha por muitas gera\u00e7\u00f5es.<\/p>\n<p>Este <strong><i>&#8220;acad\u00eamico&#8221;<\/i><\/strong> tem estrume no lugar do c\u00e9rebro, pois quem idolatra psicopatas como o ditador que destruiu Cuba tem na cabe\u00e7a o que um jumento morto tem nos intestinos: <strong>merda podre e em decomposi\u00e7\u00e3o<\/strong>.<\/p>\n<p>Gra\u00e7as a mis\u00e9ria imposta pela ditadura castrista, as crian\u00e7as de Cuba s\u00e3o obrigadas a se prostituirem para n\u00e3o morrerem de fome. Quem d\u00favida, verifique nos relat\u00f3rios da Interpol. Leia <a target=\"_blank\" rel=\"noopener noreferrer\" href=\"http:\/\/acad\u00eamico avalia legado do ex-l\u00edder cubano e repudia Bolsonaro\">mais<\/a><\/p>\n","protected":false},"excerpt":{"rendered":"<p>Pergunta simples direta e objetiva: &#8220;qual o legado de Fidel Pared\u00f3n Castro?&#8221; A resposta \u00e9 dada em tr\u00eas palavras: assassinatos, corrup\u00e7\u00e3o e escravid\u00e3o! O legado de Fidel Pared\u00f3n Castro \u00e9 uma maldi\u00e7\u00e3o que pairar\u00e1 sobre aquela ilha por muitas gera\u00e7\u00f5es. Este &#8220;acad\u00eamico&#8221; tem estrume no lugar do c\u00e9rebro, pois quem idolatra psicopatas como o ditador &hellip; <a href=\"https:\/\/opatriota.org\/?p=42365\" class=\"more-link\">Continuar lendo <span class=\"screen-reader-text\">Acad\u00eamico avalia legado do ex-l\u00edder cubano e repudia Bolsonaro<\/span><\/a><\/p>\n","protected":false},"author":1,"featured_media":0,"comment_status":"closed","ping_status":"open","sticky":false,"template":"","format":"standard","meta":{"ngg_post_thumbnail":0,"footnotes":""},"categories":[1],"tags":[],"class_list":["post-42365","post","type-post","status-publish","format-standard","hentry","category-sem-categoria"],"_links":{"self":[{"href":"https:\/\/opatriota.org\/index.php?rest_route=\/wp\/v2\/posts\/42365","targetHints":{"allow":["GET"]}}],"collection":[{"href":"https:\/\/opatriota.org\/index.php?rest_route=\/wp\/v2\/posts"}],"about":[{"href":"https:\/\/opatriota.org\/index.php?rest_route=\/wp\/v2\/types\/post"}],"author":[{"embeddable":true,"href":"https:\/\/opatriota.org\/index.php?rest_route=\/wp\/v2\/users\/1"}],"replies":[{"embeddable":true,"href":"https:\/\/opatriota.org\/index.php?rest_route=%2Fwp%2Fv2%2Fcomments&post=42365"}],"version-history":[{"count":1,"href":"https:\/\/opatriota.org\/index.php?rest_route=\/wp\/v2\/posts\/42365\/revisions"}],"predecessor-version":[{"id":70145,"href":"https:\/\/opatriota.org\/index.php?rest_route=\/wp\/v2\/posts\/42365\/revisions\/70145"}],"wp:attachment":[{"href":"https:\/\/opatriota.org\/index.php?rest_route=%2Fwp%2Fv2%2Fmedia&parent=42365"}],"wp:term":[{"taxonomy":"category","embeddable":true,"href":"https:\/\/opatriota.org\/index.php?rest_route=%2Fwp%2Fv2%2Fcategories&post=42365"},{"taxonomy":"post_tag","embeddable":true,"href":"https:\/\/opatriota.org\/index.php?rest_route=%2Fwp%2Fv2%2Ftags&post=42365"}],"curies":[{"name":"wp","href":"https:\/\/api.w.org\/{rel}","templated":true}]}}