{"id":42367,"date":"2018-11-27T15:31:45","date_gmt":"2018-11-27T17:31:45","guid":{"rendered":"http:\/\/opatriota.org\/?p=42367"},"modified":"2023-01-16T08:26:38","modified_gmt":"2023-01-16T11:26:38","slug":"os-excrementissimos-ministros-do-supremo-lixao-federal-querem-tirar-lula-da-cadeia","status":"publish","type":"post","link":"https:\/\/opatriota.org\/?p=42367","title":{"rendered":"Os excrement\u00edssimos ministros do supremo lix\u00e3o federal querem tirar Lula da cadeia"},"content":{"rendered":"<p style=\"text-align: justify;\">Lula at\u00e9 poder\u00e1 sair da pris\u00e3o por conta e obra dos seus capachos da Suprema Tapera Federal, Supremo Puteiro Federal, Supremo Qualquer Lixo Federal, que n\u00e3o mudar\u00e1 em nada sua condi\u00e7\u00e3o de CORRUPTO, LADR\u00c3O, CACHACEIRO, ANALFABETO, ETC, ETC E ETC.<\/p>\n<p style=\"text-align: justify;\">Lula continuar\u00e1 sendo o mesmo psicopata desprez\u00edvel e in\u00fatil que uma pobre nordestina, num dia muito mal inspirado, teve a infelicidade de parir nesta terra maldita.<\/p>\n<p style=\"text-align: justify;\">Quem tirar Lula da cadeia far\u00e1 companhia a ele no esc\u00e1rnio, no desprezo, no \u00f3dio que o povo brasileiro em geral, e o contribuinte em particular ter\u00e1 por ele. Acompanhar\u00e1 o molusco psicopata imprest\u00e1vel na lata do lixo da hist\u00f3ria da humanidade em todos os tempos e lugares.<\/p>\n<p><iframe loading=\"lazy\" title=\"Que dignidade \u00e9 essa?\" width=\"660\" height=\"371\" src=\"https:\/\/www.youtube.com\/embed\/3ePrzgmyIUs?feature=oembed\" frameborder=\"0\" allow=\"accelerometer; autoplay; clipboard-write; encrypted-media; gyroscope; picture-in-picture; web-share\" referrerpolicy=\"strict-origin-when-cross-origin\" allowfullscreen><\/iframe><\/p>\n","protected":false},"excerpt":{"rendered":"<p>Lula at\u00e9 poder\u00e1 sair da pris\u00e3o por conta e obra dos seus capachos da Suprema Tapera Federal, Supremo Puteiro Federal, Supremo Qualquer Lixo Federal, que n\u00e3o mudar\u00e1 em nada sua condi\u00e7\u00e3o de CORRUPTO, LADR\u00c3O, CACHACEIRO, ANALFABETO, ETC, ETC E ETC. Lula continuar\u00e1 sendo o mesmo psicopata desprez\u00edvel e in\u00fatil que uma pobre nordestina, num dia &hellip; <a href=\"https:\/\/opatriota.org\/?p=42367\" class=\"more-link\">Continuar lendo <span class=\"screen-reader-text\">Os excrement\u00edssimos ministros do supremo lix\u00e3o federal querem tirar Lula da cadeia<\/span><\/a><\/p>\n","protected":false},"author":1,"featured_media":0,"comment_status":"closed","ping_status":"open","sticky":false,"template":"","format":"standard","meta":{"ngg_post_thumbnail":0,"footnotes":""},"categories":[1],"tags":[],"class_list":["post-42367","post","type-post","status-publish","format-standard","hentry","category-sem-categoria"],"_links":{"self":[{"href":"https:\/\/opatriota.org\/index.php?rest_route=\/wp\/v2\/posts\/42367","targetHints":{"allow":["GET"]}}],"collection":[{"href":"https:\/\/opatriota.org\/index.php?rest_route=\/wp\/v2\/posts"}],"about":[{"href":"https:\/\/opatriota.org\/index.php?rest_route=\/wp\/v2\/types\/post"}],"author":[{"embeddable":true,"href":"https:\/\/opatriota.org\/index.php?rest_route=\/wp\/v2\/users\/1"}],"replies":[{"embeddable":true,"href":"https:\/\/opatriota.org\/index.php?rest_route=%2Fwp%2Fv2%2Fcomments&post=42367"}],"version-history":[{"count":1,"href":"https:\/\/opatriota.org\/index.php?rest_route=\/wp\/v2\/posts\/42367\/revisions"}],"predecessor-version":[{"id":70144,"href":"https:\/\/opatriota.org\/index.php?rest_route=\/wp\/v2\/posts\/42367\/revisions\/70144"}],"wp:attachment":[{"href":"https:\/\/opatriota.org\/index.php?rest_route=%2Fwp%2Fv2%2Fmedia&parent=42367"}],"wp:term":[{"taxonomy":"category","embeddable":true,"href":"https:\/\/opatriota.org\/index.php?rest_route=%2Fwp%2Fv2%2Fcategories&post=42367"},{"taxonomy":"post_tag","embeddable":true,"href":"https:\/\/opatriota.org\/index.php?rest_route=%2Fwp%2Fv2%2Ftags&post=42367"}],"curies":[{"name":"wp","href":"https:\/\/api.w.org\/{rel}","templated":true}]}}