{"id":88820,"date":"2026-04-17T21:39:46","date_gmt":"2026-04-18T00:39:46","guid":{"rendered":"http:\/\/opatriota.org\/2026\/04\/17\/fachin-admite-que-stf-esta-em-crise-e-ainda-manda-recado-para-moraes-ptoffoli-e-gilmar-batraquio-mendes\/"},"modified":"2026-04-17T21:39:46","modified_gmt":"2026-04-18T00:39:46","slug":"fachin-admite-que-stf-esta-em-crise-e-ainda-manda-recado-para-moraes-ptoffoli-e-gilmar-batraquio-mendes","status":"publish","type":"post","link":"https:\/\/opatriota.org\/?p=88820","title":{"rendered":"Fachin admite que STF est\u00e1 em crise &#8211; E ainda manda recado para Moraes, PToffoli e Gilmar Batr\u00e1quio Mendes"},"content":{"rendered":"\n<p>Cad\u00ea os generais gen\u00e9ricos de 4 estrelas, nenhum culh\u00e3o, fantasiados de farda verde melancia besuntada de estrume que n\u00e3o interditam da suprema tirania fedorenta, o bordel jur\u00eddico tupiniquim, metem na cadeia a sua banda podre, acabando com o golpe togado perpetrado por ministros t\u00e3o ou mais corruptos quanto o b\u00eabado e analfabeto que tiraram da cadeia e colocaram fraudulentamente na presid\u00eancia para restaurar os esquemas de roubalheira estancados pela opera\u00e7\u00e3o lava-jato? <\/p>\n\n\n\n<p><iframe loading=\"lazy\" title=\"FACHIN Admite que STF est\u00e1 em crise - E ainda manda recado para Moraes, Toffoli e Gilmar\" width=\"660\" height=\"371\" src=\"https:\/\/www.youtube.com\/embed\/OsvsIg0WIS8?feature=oembed\" frameborder=\"0\" allow=\"accelerometer; autoplay; clipboard-write; encrypted-media; gyroscope; picture-in-picture; web-share\" referrerpolicy=\"strict-origin-when-cross-origin\" allowfullscreen><\/iframe><\/p>\n","protected":false},"excerpt":{"rendered":"<p>Cad\u00ea os generais gen\u00e9ricos de 4 estrelas, nenhum culh\u00e3o, fantasiados de farda verde melancia besuntada de estrume que n\u00e3o interditam da suprema tirania fedorenta, o bordel jur\u00eddico tupiniquim, metem na cadeia a sua banda podre, acabando com o golpe togado perpetrado por ministros t\u00e3o ou mais corruptos quanto o b\u00eabado e analfabeto que tiraram da &hellip; <a href=\"https:\/\/opatriota.org\/?p=88820\" class=\"more-link\">Continuar lendo <span class=\"screen-reader-text\">Fachin admite que STF est\u00e1 em crise &#8211; E ainda manda recado para Moraes, PToffoli e Gilmar Batr\u00e1quio Mendes<\/span><\/a><\/p>\n","protected":false},"author":1,"featured_media":0,"comment_status":"open","ping_status":"open","sticky":false,"template":"","format":"standard","meta":{"ngg_post_thumbnail":0,"footnotes":""},"categories":[49],"tags":[],"class_list":["post-88820","post","type-post","status-publish","format-standard","hentry","category-uncategorized"],"_links":{"self":[{"href":"https:\/\/opatriota.org\/index.php?rest_route=\/wp\/v2\/posts\/88820","targetHints":{"allow":["GET"]}}],"collection":[{"href":"https:\/\/opatriota.org\/index.php?rest_route=\/wp\/v2\/posts"}],"about":[{"href":"https:\/\/opatriota.org\/index.php?rest_route=\/wp\/v2\/types\/post"}],"author":[{"embeddable":true,"href":"https:\/\/opatriota.org\/index.php?rest_route=\/wp\/v2\/users\/1"}],"replies":[{"embeddable":true,"href":"https:\/\/opatriota.org\/index.php?rest_route=%2Fwp%2Fv2%2Fcomments&post=88820"}],"version-history":[{"count":0,"href":"https:\/\/opatriota.org\/index.php?rest_route=\/wp\/v2\/posts\/88820\/revisions"}],"wp:attachment":[{"href":"https:\/\/opatriota.org\/index.php?rest_route=%2Fwp%2Fv2%2Fmedia&parent=88820"}],"wp:term":[{"taxonomy":"category","embeddable":true,"href":"https:\/\/opatriota.org\/index.php?rest_route=%2Fwp%2Fv2%2Fcategories&post=88820"},{"taxonomy":"post_tag","embeddable":true,"href":"https:\/\/opatriota.org\/index.php?rest_route=%2Fwp%2Fv2%2Ftags&post=88820"}],"curies":[{"name":"wp","href":"https:\/\/api.w.org\/{rel}","templated":true}]}}