{"id":88823,"date":"2026-04-18T10:01:45","date_gmt":"2026-04-18T13:01:45","guid":{"rendered":"http:\/\/opatriota.org\/2026\/04\/18\/a-racista-lei-de-cotas-raciais-esta-destruindo-o-ensino-superior-a-extensao-universitaria-e-a-pesquisa-de-ponta-no-brasil\/"},"modified":"2026-04-18T10:01:45","modified_gmt":"2026-04-18T13:01:45","slug":"a-racista-lei-de-cotas-raciais-esta-destruindo-o-ensino-superior-a-extensao-universitaria-e-a-pesquisa-de-ponta-no-brasil","status":"publish","type":"post","link":"https:\/\/opatriota.org\/?p=88823","title":{"rendered":"A racista lei de cotas raciais est\u00e1 destruindo o ensino superior, a extens\u00e3o universit\u00e1ria e a pesquisa de ponta no Brasil"},"content":{"rendered":"\n<p>Essa discuss\u00e3o anal\u00edtica \u00e9 focada na etnia negra pura e n\u00e3o em mesti\u00e7os pardos tupiniquins que tentam se passar por negros para angariar benesses sem esfor\u00e7o ou m\u00e9rito, algo comum em brasileiros e que rebaixa o Brasil ao mesmo n\u00edvel de pa\u00edses subdesenvolvidos, miser\u00e1veis e sem futuro.<\/p>\n\n\n\n<blockquote class=\"wp-block-quote is-layout-flow wp-block-quote-is-layout-flow\">\n<p>STF tem maioria contra lei de SC que pro\u00edbe cotas raciais em universidades\u2026 <\/p>\n<\/blockquote>\n\n\n\n<p>A suprema tirania fedorenta, o bordel jur\u00eddico tupiniquim, composta de not\u00f3rios analfabetos jur\u00eddicos, not\u00e1veis gigol\u00f4s togados de escrit\u00f3rios de advocacia, jagun\u00e7os corruptos que Luladr\u00e3o chantageia e estapeia em p\u00fablico para mostrar que manda neles, insiste em fomentar o racismo nesta narcorrepubliqueta bandalheira latino-americana do &#8220;Varzil&#8221;.<\/p>\n\n\n\n<p>A suprema casa de horrores e toler\u00e2ncia jur\u00eddica tupiniquim desconhece ou ignora propositadamente que a voca\u00e7\u00e3o \u00e9 composta de dois pilares. O primeiro e mais importante \u00e9 a aptid\u00e3o, que \u00e9 inata e ligada \u00e0 etnia, enquanto o segundo \u00e9 o interesse, que \u00e9 adquirido do meio ambiente. Qualquer psic\u00f3logo ou psiquiatra sabe disso, mas os racistas togados tupiniquins insistem em promover gente sem aptid\u00e3o intelectual.<\/p>\n\n\n\n<p>Dos 30 pr\u00eamios Nobel concedidos a africanos, nenhum laureou negros em qu\u00edmica, f\u00edsica e fisiologia ou medicina. Todos os laureados nessas categorias s\u00e3o brancos. Apenas um de literatura foi concedido a uma negra, e os demais concedidos a negros eram pr\u00eamios da paz, que laurearam at\u00e9 o comunista assassino Nelson Mandela.<\/p>\n\n\n\n<p>Conte quantos negros cursam mestrados e doutorados nas \u00e1reas de ci\u00eancias exatas, tecnol\u00f3gicas e de sa\u00fade. Praticamente nenhum.<\/p>\n\n\n\n<p>No passado, o Brasil teve grandes g\u00eanios negros, como os irm\u00e3os Rebou\u00e7as, que constru\u00edram a ferrovia mais dif\u00edcil da hist\u00f3ria, a Curitiba-Paranagu\u00e1. Juliano Moreira, o primeiro psiquiatra brasileiro, era negro, mas eles tinham uma caracter\u00edstica em comum: eram descendentes de um povo chamado Malei, a exce\u00e7\u00e3o intelectualizada dentro da etnia negra.<\/p>\n\n\n\n<p>A aptid\u00e3o da maioria dos negros \u00e9 f\u00edsica, suportando mais esfor\u00e7os f\u00edsicos que os brancos. S\u00e3o os melhores esportistas, melhores exploradores de florestas. Isso \u00e9 filogen\u00e9tico, \u00e9 ci\u00eancia biol\u00f3gica pura e n\u00e3o cabe achismos ou ideologias.<\/p>\n\n\n\n<p>H\u00e1 quantos anos, ou d\u00e9cadas, um branco n\u00e3o vence a corrida de S\u00e3o Silvestre? S\u00f3 d\u00e1 africanos negros. O maior \u00eddolo do futebol mundial em todos os tempos foi um negro brasileiro, e n\u00e3o adianta os argentinos espernearem tentando impor como maior jogador de futebol da hist\u00f3ria o seu craque branquelo drogado Maradona, porque este fez pouco mais de 500 gols em toda a sua carreira, enquanto Pel\u00e9 fez quase 1.300.<\/p>\n\n\n\n<p>No automobilismo, que exige reflexos r\u00e1pidos e resist\u00eancia f\u00edsica, apenas Lewis Hamilton, um negro, f\u00e3 de Ayrton Senna e disc\u00edpulo de Nelson Piquet, com quem aprendeu a preparar seus carros, conseguiu igualar o n\u00famero de t\u00edtulos mundiais do trapaceiro alem\u00e3o Michael Schumacher, que foi heptacampe\u00e3o, sendo sua trapa\u00e7a a principal respons\u00e1vel pela morte tr\u00e1gica de Ayrton Senna. Leia <a href=\"https:\/\/noticias.uol.com.br\/politica\/ultimas-noticias\/2026\/04\/16\/stf-vota-cotas-raciais-sc.ghtm\" target=\"_blank\" rel=\"noreferrer noopener\">aqui<\/a><\/p>\n\n\n\n<p><\/p>\n","protected":false},"excerpt":{"rendered":"<p>Essa discuss\u00e3o anal\u00edtica \u00e9 focada na etnia negra pura e n\u00e3o em mesti\u00e7os pardos tupiniquins que tentam se passar por negros para angariar benesses sem esfor\u00e7o ou m\u00e9rito, algo comum em brasileiros e que rebaixa o Brasil ao mesmo n\u00edvel de pa\u00edses subdesenvolvidos, miser\u00e1veis e sem futuro. STF tem maioria contra lei de SC que &hellip; <a href=\"https:\/\/opatriota.org\/?p=88823\" class=\"more-link\">Continuar lendo <span class=\"screen-reader-text\">A racista lei de cotas raciais est\u00e1 destruindo o ensino superior, a extens\u00e3o universit\u00e1ria e a pesquisa de ponta no Brasil<\/span><\/a><\/p>\n","protected":false},"author":1,"featured_media":0,"comment_status":"open","ping_status":"open","sticky":false,"template":"","format":"standard","meta":{"ngg_post_thumbnail":0,"footnotes":""},"categories":[49],"tags":[],"class_list":["post-88823","post","type-post","status-publish","format-standard","hentry","category-uncategorized"],"_links":{"self":[{"href":"https:\/\/opatriota.org\/index.php?rest_route=\/wp\/v2\/posts\/88823","targetHints":{"allow":["GET"]}}],"collection":[{"href":"https:\/\/opatriota.org\/index.php?rest_route=\/wp\/v2\/posts"}],"about":[{"href":"https:\/\/opatriota.org\/index.php?rest_route=\/wp\/v2\/types\/post"}],"author":[{"embeddable":true,"href":"https:\/\/opatriota.org\/index.php?rest_route=\/wp\/v2\/users\/1"}],"replies":[{"embeddable":true,"href":"https:\/\/opatriota.org\/index.php?rest_route=%2Fwp%2Fv2%2Fcomments&post=88823"}],"version-history":[{"count":0,"href":"https:\/\/opatriota.org\/index.php?rest_route=\/wp\/v2\/posts\/88823\/revisions"}],"wp:attachment":[{"href":"https:\/\/opatriota.org\/index.php?rest_route=%2Fwp%2Fv2%2Fmedia&parent=88823"}],"wp:term":[{"taxonomy":"category","embeddable":true,"href":"https:\/\/opatriota.org\/index.php?rest_route=%2Fwp%2Fv2%2Fcategories&post=88823"},{"taxonomy":"post_tag","embeddable":true,"href":"https:\/\/opatriota.org\/index.php?rest_route=%2Fwp%2Fv2%2Ftags&post=88823"}],"curies":[{"name":"wp","href":"https:\/\/api.w.org\/{rel}","templated":true}]}}