{"id":88864,"date":"2026-05-02T17:39:09","date_gmt":"2026-05-02T20:39:09","guid":{"rendered":"https:\/\/opatriota.ddns.net\/?p=88864"},"modified":"2026-05-02T18:02:00","modified_gmt":"2026-05-02T21:02:00","slug":"rei-da-holanda-e-piloto-comercial-contratado-da-klm","status":"publish","type":"post","link":"https:\/\/opatriota.org\/?p=88864","title":{"rendered":"Rei da Holanda \u00e9 piloto comercial contratado da KLM&#8230;"},"content":{"rendered":"<blockquote><p>Al\u00e9m de rei da Holanda, Willem-Alexander tamb\u00e9m \u00e9 piloto da KLM e agora vai mudar de Boeing para jato Airbus<\/p><\/blockquote>\n<p>J\u00e1 na narcorrepubliqueta bandalheira latRino-americana do Varzil temos que sustentar um presideMENte b\u00eabado, corrupto e analfabeto, uma penosa dama e primeira dESGRama deslumbrada, descerebrada, desqualificada, golpista do ba\u00fa do s\u00e9culo XXI; um supremo tribunal fedorento composto por not\u00f3rios analfabetos jur\u00eddicos, not\u00e1veis gigol\u00f4s togados de escrit\u00f3rios de advocacia de esposas, amigos e familiares e corruptos de primeira grandeza; militares covarde e tamb\u00e9m corruptos, e mais uma multid\u00e3o de benefici\u00e1rios de programas sociais que n\u00e3o querem trabalhar e produzir, com os impostos arrancados dos poucos contribuintes que ainda tentam empreender nessa sucursal do inferno na terra.<\/p>\n<p>O Brasil e suas institui\u00e7\u00f5es corrompidas e apodrecidas d\u00e1 nojo. Leia <a href=\"https:\/\/share.google\/VnTVe1OR5qCMJ72tT\" target=\"_blank\" rel=\"noopener\">aqui<\/a><\/p>\n","protected":false},"excerpt":{"rendered":"<p>Al\u00e9m de rei da Holanda, Willem-Alexander tamb\u00e9m \u00e9 piloto da KLM e agora vai mudar de Boeing para jato Airbus J\u00e1 na narcorrepubliqueta bandalheira latRino-americana do Varzil temos que sustentar um presideMENte b\u00eabado, corrupto e analfabeto, uma penosa dama e primeira dESGRama deslumbrada, descerebrada, desqualificada, golpista do ba\u00fa do s\u00e9culo XXI; um supremo tribunal fedorento &hellip; <a href=\"https:\/\/opatriota.org\/?p=88864\" class=\"more-link\">Continuar lendo <span class=\"screen-reader-text\">Rei da Holanda \u00e9 piloto comercial contratado da KLM&#8230;<\/span><\/a><\/p>\n","protected":false},"author":1,"featured_media":0,"comment_status":"closed","ping_status":"open","sticky":false,"template":"","format":"standard","meta":{"ngg_post_thumbnail":0,"footnotes":""},"categories":[1],"tags":[],"class_list":["post-88864","post","type-post","status-publish","format-standard","hentry","category-sem-categoria"],"_links":{"self":[{"href":"https:\/\/opatriota.org\/index.php?rest_route=\/wp\/v2\/posts\/88864","targetHints":{"allow":["GET"]}}],"collection":[{"href":"https:\/\/opatriota.org\/index.php?rest_route=\/wp\/v2\/posts"}],"about":[{"href":"https:\/\/opatriota.org\/index.php?rest_route=\/wp\/v2\/types\/post"}],"author":[{"embeddable":true,"href":"https:\/\/opatriota.org\/index.php?rest_route=\/wp\/v2\/users\/1"}],"replies":[{"embeddable":true,"href":"https:\/\/opatriota.org\/index.php?rest_route=%2Fwp%2Fv2%2Fcomments&post=88864"}],"version-history":[{"count":4,"href":"https:\/\/opatriota.org\/index.php?rest_route=\/wp\/v2\/posts\/88864\/revisions"}],"predecessor-version":[{"id":88868,"href":"https:\/\/opatriota.org\/index.php?rest_route=\/wp\/v2\/posts\/88864\/revisions\/88868"}],"wp:attachment":[{"href":"https:\/\/opatriota.org\/index.php?rest_route=%2Fwp%2Fv2%2Fmedia&parent=88864"}],"wp:term":[{"taxonomy":"category","embeddable":true,"href":"https:\/\/opatriota.org\/index.php?rest_route=%2Fwp%2Fv2%2Fcategories&post=88864"},{"taxonomy":"post_tag","embeddable":true,"href":"https:\/\/opatriota.org\/index.php?rest_route=%2Fwp%2Fv2%2Ftags&post=88864"}],"curies":[{"name":"wp","href":"https:\/\/api.w.org\/{rel}","templated":true}]}}