{"id":88875,"date":"2026-05-02T20:59:08","date_gmt":"2026-05-02T23:59:08","guid":{"rendered":"https:\/\/opatriota.org\/?p=88875"},"modified":"2026-05-02T20:59:17","modified_gmt":"2026-05-02T23:59:17","slug":"um-general-tentou-intimidar-e-ameacar-um-deputado-federal-dentro-do-congresso-nacional","status":"publish","type":"post","link":"https:\/\/opatriota.org\/?p=88875","title":{"rendered":"Um general tentou intimidar e amea\u00e7ar um deputado federal dentro do Congresso Nacional"},"content":{"rendered":"\n<p>Essas s\u00e3o as Frouxas Armadas do b\u00eabado, corrupto e analfabeto. <\/p>\n\n\n\n<p>Milicos covardes e in\u00fateis que n\u00e3o apenas batem contin\u00eancia para corruptos, mas que tamb\u00e9m s\u00e3o corruptos, capachos de sua Xandidade Excrement\u00edssima A-LEI-xandre de i-Moraes e seus &#8220;parsas&#8221;&nbsp; da banda podre do supremo tribunal fedorento, o bordel jur\u00eddico tupiniquim, e enterrados at\u00e9 o pesco\u00e7o na lama fecal do esc\u00e2ndalo do Banco Master. <\/p>\n\n\n\n<p><iframe loading=\"lazy\" title=\"Um general tentou me intimidar e me amea\u00e7ou dentro da C\u00e2mara.\" width=\"660\" height=\"371\" src=\"https:\/\/www.youtube.com\/embed\/isJrLMuz8BY?feature=oembed\" frameborder=\"0\" allow=\"accelerometer; autoplay; clipboard-write; encrypted-media; gyroscope; picture-in-picture; web-share\" referrerpolicy=\"strict-origin-when-cross-origin\" allowfullscreen><\/iframe><\/p>\n","protected":false},"excerpt":{"rendered":"<p>Essas s\u00e3o as Frouxas Armadas do b\u00eabado, corrupto e analfabeto. Milicos covardes e in\u00fateis que n\u00e3o apenas batem contin\u00eancia para corruptos, mas que tamb\u00e9m s\u00e3o corruptos, capachos de sua Xandidade Excrement\u00edssima A-LEI-xandre de i-Moraes e seus &#8220;parsas&#8221;&nbsp; da banda podre do supremo tribunal fedorento, o bordel jur\u00eddico tupiniquim, e enterrados at\u00e9 o pesco\u00e7o na lama &hellip; <a href=\"https:\/\/opatriota.org\/?p=88875\" class=\"more-link\">Continuar lendo <span class=\"screen-reader-text\">Um general tentou intimidar e amea\u00e7ar um deputado federal dentro do Congresso Nacional<\/span><\/a><\/p>\n","protected":false},"author":1,"featured_media":0,"comment_status":"closed","ping_status":"open","sticky":false,"template":"","format":"standard","meta":{"ngg_post_thumbnail":0,"footnotes":""},"categories":[1],"tags":[],"class_list":["post-88875","post","type-post","status-publish","format-standard","hentry","category-sem-categoria"],"_links":{"self":[{"href":"https:\/\/opatriota.org\/index.php?rest_route=\/wp\/v2\/posts\/88875","targetHints":{"allow":["GET"]}}],"collection":[{"href":"https:\/\/opatriota.org\/index.php?rest_route=\/wp\/v2\/posts"}],"about":[{"href":"https:\/\/opatriota.org\/index.php?rest_route=\/wp\/v2\/types\/post"}],"author":[{"embeddable":true,"href":"https:\/\/opatriota.org\/index.php?rest_route=\/wp\/v2\/users\/1"}],"replies":[{"embeddable":true,"href":"https:\/\/opatriota.org\/index.php?rest_route=%2Fwp%2Fv2%2Fcomments&post=88875"}],"version-history":[{"count":1,"href":"https:\/\/opatriota.org\/index.php?rest_route=\/wp\/v2\/posts\/88875\/revisions"}],"predecessor-version":[{"id":88876,"href":"https:\/\/opatriota.org\/index.php?rest_route=\/wp\/v2\/posts\/88875\/revisions\/88876"}],"wp:attachment":[{"href":"https:\/\/opatriota.org\/index.php?rest_route=%2Fwp%2Fv2%2Fmedia&parent=88875"}],"wp:term":[{"taxonomy":"category","embeddable":true,"href":"https:\/\/opatriota.org\/index.php?rest_route=%2Fwp%2Fv2%2Fcategories&post=88875"},{"taxonomy":"post_tag","embeddable":true,"href":"https:\/\/opatriota.org\/index.php?rest_route=%2Fwp%2Fv2%2Ftags&post=88875"}],"curies":[{"name":"wp","href":"https:\/\/api.w.org\/{rel}","templated":true}]}}